{"id":13690,"date":"2026-02-04T11:18:00","date_gmt":"2026-02-04T15:18:00","guid":{"rendered":"https:\/\/notiexpress.com.bo\/?p=13690"},"modified":"2026-02-18T00:19:11","modified_gmt":"2026-02-18T04:19:11","slug":"lo-saco-de-su-casa-y-hoy-esta-en-coma-envian-a-palmasola-a-entrenador-de-boxeo","status":"publish","type":"post","link":"https:\/\/notiexpress.com.bo\/index.php\/2026\/02\/04\/lo-saco-de-su-casa-y-hoy-esta-en-coma-envian-a-palmasola-a-entrenador-de-boxeo\/","title":{"rendered":"Lo sac\u00f3 de su casa y hoy est\u00e1 en coma: env\u00edan a Palmasola a entrenador de boxeo"},"content":{"rendered":"\n<p>Un entrenador de boxeo fue enviado con detenci\u00f3n preventiva por 90 d\u00edas al penal de Palmasola mientras se investiga su presunta responsabilidad en un grave caso que mantiene en coma a un adolescente de 15 a\u00f1os, quien permanece internado en terapia intensiva tras sufrir una hemorragia cerebral. El hecho es investigado por autoridades judiciales en Santa Cruz de la Sierra.<\/p>\n\n\n\n<figure class=\"wp-block-image size-full is-resized\"><img loading=\"lazy\" decoding=\"async\" width=\"800\" height=\"450\" src=\"https:\/\/notiexpress.com.bo\/wp-content\/uploads\/2026\/02\/628244329_892561063609358_3717706996235173224_n.jpg\" alt=\"\" class=\"wp-image-13691\" style=\"width:840px;height:auto\" srcset=\"https:\/\/notiexpress.com.bo\/wp-content\/uploads\/2026\/02\/628244329_892561063609358_3717706996235173224_n.jpg 800w, https:\/\/notiexpress.com.bo\/wp-content\/uploads\/2026\/02\/628244329_892561063609358_3717706996235173224_n-300x169.jpg 300w, https:\/\/notiexpress.com.bo\/wp-content\/uploads\/2026\/02\/628244329_892561063609358_3717706996235173224_n-768x432.jpg 768w\" sizes=\"auto, (max-width: 800px) 100vw, 800px\" \/><\/figure>\n\n\n\n<p>De acuerdo con los primeros elementos del proceso, el menor habr\u00eda sido retirado de su domicilio para participar en entrenamientos como sparring, donde habr\u00eda recibido fuertes golpes, aunque el acusado no logr\u00f3 precisar qui\u00e9nes habr\u00edan agredido al joven. La justicia dispuso su encarcelamiento preventivo mientras contin\u00faan las investigaciones, en medio del reclamo de la familia, que exige el esclarecimiento del caso y sanciones para los responsables.<\/p>\n","protected":false},"excerpt":{"rendered":"<p>Un entrenador de boxeo fue enviado con detenci\u00f3n preventiva por 90 d\u00edas al penal de Palmasola mientras se investiga su presunta responsabilidad en un grave caso que mantiene en coma a un adolescente de 15 a\u00f1os, quien permanece internado en terapia intensiva tras sufrir una hemorragia cerebral. El hecho es investigado por autoridades judiciales en [&hellip;]<\/p>\n","protected":false},"author":1,"featured_media":13691,"comment_status":"closed","ping_status":"closed","sticky":false,"template":"","format":"standard","meta":{"footnotes":""},"categories":[43],"tags":[],"class_list":["post-13690","post","type-post","status-publish","format-standard","has-post-thumbnail","hentry","category-santa-cruz"],"_links":{"self":[{"href":"https:\/\/notiexpress.com.bo\/index.php\/wp-json\/wp\/v2\/posts\/13690","targetHints":{"allow":["GET"]}}],"collection":[{"href":"https:\/\/notiexpress.com.bo\/index.php\/wp-json\/wp\/v2\/posts"}],"about":[{"href":"https:\/\/notiexpress.com.bo\/index.php\/wp-json\/wp\/v2\/types\/post"}],"author":[{"embeddable":true,"href":"https:\/\/notiexpress.com.bo\/index.php\/wp-json\/wp\/v2\/users\/1"}],"replies":[{"embeddable":true,"href":"https:\/\/notiexpress.com.bo\/index.php\/wp-json\/wp\/v2\/comments?post=13690"}],"version-history":[{"count":1,"href":"https:\/\/notiexpress.com.bo\/index.php\/wp-json\/wp\/v2\/posts\/13690\/revisions"}],"predecessor-version":[{"id":13692,"href":"https:\/\/notiexpress.com.bo\/index.php\/wp-json\/wp\/v2\/posts\/13690\/revisions\/13692"}],"wp:featuredmedia":[{"embeddable":true,"href":"https:\/\/notiexpress.com.bo\/index.php\/wp-json\/wp\/v2\/media\/13691"}],"wp:attachment":[{"href":"https:\/\/notiexpress.com.bo\/index.php\/wp-json\/wp\/v2\/media?parent=13690"}],"wp:term":[{"taxonomy":"category","embeddable":true,"href":"https:\/\/notiexpress.com.bo\/index.php\/wp-json\/wp\/v2\/categories?post=13690"},{"taxonomy":"post_tag","embeddable":true,"href":"https:\/\/notiexpress.com.bo\/index.php\/wp-json\/wp\/v2\/tags?post=13690"}],"curies":[{"name":"wp","href":"https:\/\/api.w.org\/{rel}","templated":true}]}}