{"id":13745,"date":"2026-02-26T22:58:40","date_gmt":"2026-02-27T02:58:40","guid":{"rendered":"https:\/\/notiexpress.com.bo\/?p=13745"},"modified":"2026-02-26T22:58:40","modified_gmt":"2026-02-27T02:58:40","slug":"ordenan-detencion-preventiva-para-jhonny-fernandez-y-sera-trasladado-a-palmasola-por-el-caso-pavimento","status":"publish","type":"post","link":"https:\/\/notiexpress.com.bo\/index.php\/2026\/02\/26\/ordenan-detencion-preventiva-para-jhonny-fernandez-y-sera-trasladado-a-palmasola-por-el-caso-pavimento\/","title":{"rendered":"Ordenan detenci\u00f3n preventiva para Jhonny Fern\u00e1ndez y ser\u00e1 trasladado a Palmasola por el caso \u201cPavimento\u201d"},"content":{"rendered":"\n<p>Un juez determin\u00f3 que el alcalde de Santa Cruz de la Sierra, Jhonny Fern\u00e1ndez, cumpla 100 d\u00edas de detenci\u00f3n preventiva en el penal de Palmasola, en el marco de las investigaciones por el denominado caso \u201cPavimento\u201d.<\/p>\n\n\n\n<figure class=\"wp-block-image size-full\"><img loading=\"lazy\" decoding=\"async\" width=\"810\" height=\"540\" src=\"https:\/\/notiexpress.com.bo\/wp-content\/uploads\/2026\/02\/642927546_1375155111320402_4784917691698812894_n.jpg\" alt=\"\" class=\"wp-image-13746\" srcset=\"https:\/\/notiexpress.com.bo\/wp-content\/uploads\/2026\/02\/642927546_1375155111320402_4784917691698812894_n.jpg 810w, https:\/\/notiexpress.com.bo\/wp-content\/uploads\/2026\/02\/642927546_1375155111320402_4784917691698812894_n-300x200.jpg 300w, https:\/\/notiexpress.com.bo\/wp-content\/uploads\/2026\/02\/642927546_1375155111320402_4784917691698812894_n-768x512.jpg 768w\" sizes=\"auto, (max-width: 810px) 100vw, 810px\" \/><\/figure>\n\n\n\n<p>La medida fue asumida mientras el Ministerio P\u00fablico avanza con la recolecci\u00f3n de pruebas y actuaciones judiciales destinadas a esclarecer presuntas irregularidades vinculadas al proceso.<\/p>\n","protected":false},"excerpt":{"rendered":"<p>Un juez determin\u00f3 que el alcalde de Santa Cruz de la Sierra, Jhonny Fern\u00e1ndez, cumpla 100 d\u00edas de detenci\u00f3n preventiva en el penal de Palmasola, en el marco de las investigaciones por el denominado caso \u201cPavimento\u201d. La medida fue asumida mientras el Ministerio P\u00fablico avanza con la recolecci\u00f3n de pruebas y actuaciones judiciales destinadas a [&hellip;]<\/p>\n","protected":false},"author":1,"featured_media":13746,"comment_status":"closed","ping_status":"closed","sticky":false,"template":"","format":"standard","meta":{"footnotes":""},"categories":[43],"tags":[],"class_list":["post-13745","post","type-post","status-publish","format-standard","has-post-thumbnail","hentry","category-santa-cruz"],"_links":{"self":[{"href":"https:\/\/notiexpress.com.bo\/index.php\/wp-json\/wp\/v2\/posts\/13745","targetHints":{"allow":["GET"]}}],"collection":[{"href":"https:\/\/notiexpress.com.bo\/index.php\/wp-json\/wp\/v2\/posts"}],"about":[{"href":"https:\/\/notiexpress.com.bo\/index.php\/wp-json\/wp\/v2\/types\/post"}],"author":[{"embeddable":true,"href":"https:\/\/notiexpress.com.bo\/index.php\/wp-json\/wp\/v2\/users\/1"}],"replies":[{"embeddable":true,"href":"https:\/\/notiexpress.com.bo\/index.php\/wp-json\/wp\/v2\/comments?post=13745"}],"version-history":[{"count":1,"href":"https:\/\/notiexpress.com.bo\/index.php\/wp-json\/wp\/v2\/posts\/13745\/revisions"}],"predecessor-version":[{"id":13747,"href":"https:\/\/notiexpress.com.bo\/index.php\/wp-json\/wp\/v2\/posts\/13745\/revisions\/13747"}],"wp:featuredmedia":[{"embeddable":true,"href":"https:\/\/notiexpress.com.bo\/index.php\/wp-json\/wp\/v2\/media\/13746"}],"wp:attachment":[{"href":"https:\/\/notiexpress.com.bo\/index.php\/wp-json\/wp\/v2\/media?parent=13745"}],"wp:term":[{"taxonomy":"category","embeddable":true,"href":"https:\/\/notiexpress.com.bo\/index.php\/wp-json\/wp\/v2\/categories?post=13745"},{"taxonomy":"post_tag","embeddable":true,"href":"https:\/\/notiexpress.com.bo\/index.php\/wp-json\/wp\/v2\/tags?post=13745"}],"curies":[{"name":"wp","href":"https:\/\/api.w.org\/{rel}","templated":true}]}}