{"id":13973,"date":"2026-04-27T22:54:03","date_gmt":"2026-04-28T02:54:03","guid":{"rendered":"https:\/\/notiexpress.com.bo\/?p=13973"},"modified":"2026-04-27T22:54:04","modified_gmt":"2026-04-28T02:54:04","slug":"notifican-por-edicto-a-evo-morales-en-proceso-por-trata-en-tarija","status":"publish","type":"post","link":"https:\/\/notiexpress.com.bo\/index.php\/2026\/04\/27\/notifican-por-edicto-a-evo-morales-en-proceso-por-trata-en-tarija\/","title":{"rendered":"Notifican por edicto a Evo Morales en proceso por trata en Tarija"},"content":{"rendered":"\n<p>En el marco del proceso por el delito de trata, la Fiscal\u00eda de Tarija inform\u00f3 que se est\u00e1 notificando mediante edicto al expresidente Evo Morales, luego de que no pudo ser ubicado en el domicilio consignado en el Tr\u00f3pico de Cochabamba.<\/p>\n\n\n\n<figure class=\"wp-block-image size-large\"><img loading=\"lazy\" decoding=\"async\" width=\"1024\" height=\"576\" src=\"https:\/\/notiexpress.com.bo\/wp-content\/uploads\/2026\/04\/u-expresidente-evo-morales-foto-internet_1735417365-1024x576.jpg\" alt=\"\" class=\"wp-image-13974\" srcset=\"https:\/\/notiexpress.com.bo\/wp-content\/uploads\/2026\/04\/u-expresidente-evo-morales-foto-internet_1735417365-1024x576.jpg 1024w, https:\/\/notiexpress.com.bo\/wp-content\/uploads\/2026\/04\/u-expresidente-evo-morales-foto-internet_1735417365-300x169.jpg 300w, https:\/\/notiexpress.com.bo\/wp-content\/uploads\/2026\/04\/u-expresidente-evo-morales-foto-internet_1735417365-768x432.jpg 768w, https:\/\/notiexpress.com.bo\/wp-content\/uploads\/2026\/04\/u-expresidente-evo-morales-foto-internet_1735417365.jpg 1200w\" sizes=\"auto, (max-width: 1024px) 100vw, 1024px\" \/><\/figure>\n\n\n\n<p>El fiscal departamental Jos\u00e9 Mogro explic\u00f3 que el acusado present\u00f3 un apersonamiento a trav\u00e9s de su defensa, pero al no ser encontrado se dispuso la publicaci\u00f3n del edicto en medios de comunicaci\u00f3n, otorg\u00e1ndole un plazo de 10 d\u00edas para presentar sus descargos ante el tribunal.<\/p>\n\n\n\n<p>Con el vencimiento de ese plazo, se prev\u00e9 que el tribunal pueda definir fecha y hora para el juicio oral dentro del caso que fue abierto por la Fiscal\u00eda el a\u00f1o pasado por presunta trata de personas con agravante.<\/p>\n","protected":false},"excerpt":{"rendered":"<p>En el marco del proceso por el delito de trata, la Fiscal\u00eda de Tarija inform\u00f3 que se est\u00e1 notificando mediante edicto al expresidente Evo Morales, luego de que no pudo ser ubicado en el domicilio consignado en el Tr\u00f3pico de Cochabamba. El fiscal departamental Jos\u00e9 Mogro explic\u00f3 que el acusado present\u00f3 un apersonamiento a trav\u00e9s [&hellip;]<\/p>\n","protected":false},"author":1,"featured_media":13974,"comment_status":"closed","ping_status":"closed","sticky":false,"template":"","format":"standard","meta":{"footnotes":""},"categories":[23],"tags":[],"class_list":["post-13973","post","type-post","status-publish","format-standard","has-post-thumbnail","hentry","category-tarija"],"_links":{"self":[{"href":"https:\/\/notiexpress.com.bo\/index.php\/wp-json\/wp\/v2\/posts\/13973","targetHints":{"allow":["GET"]}}],"collection":[{"href":"https:\/\/notiexpress.com.bo\/index.php\/wp-json\/wp\/v2\/posts"}],"about":[{"href":"https:\/\/notiexpress.com.bo\/index.php\/wp-json\/wp\/v2\/types\/post"}],"author":[{"embeddable":true,"href":"https:\/\/notiexpress.com.bo\/index.php\/wp-json\/wp\/v2\/users\/1"}],"replies":[{"embeddable":true,"href":"https:\/\/notiexpress.com.bo\/index.php\/wp-json\/wp\/v2\/comments?post=13973"}],"version-history":[{"count":1,"href":"https:\/\/notiexpress.com.bo\/index.php\/wp-json\/wp\/v2\/posts\/13973\/revisions"}],"predecessor-version":[{"id":13975,"href":"https:\/\/notiexpress.com.bo\/index.php\/wp-json\/wp\/v2\/posts\/13973\/revisions\/13975"}],"wp:featuredmedia":[{"embeddable":true,"href":"https:\/\/notiexpress.com.bo\/index.php\/wp-json\/wp\/v2\/media\/13974"}],"wp:attachment":[{"href":"https:\/\/notiexpress.com.bo\/index.php\/wp-json\/wp\/v2\/media?parent=13973"}],"wp:term":[{"taxonomy":"category","embeddable":true,"href":"https:\/\/notiexpress.com.bo\/index.php\/wp-json\/wp\/v2\/categories?post=13973"},{"taxonomy":"post_tag","embeddable":true,"href":"https:\/\/notiexpress.com.bo\/index.php\/wp-json\/wp\/v2\/tags?post=13973"}],"curies":[{"name":"wp","href":"https:\/\/api.w.org\/{rel}","templated":true}]}}