{"id":13976,"date":"2026-04-27T22:56:01","date_gmt":"2026-04-28T02:56:01","guid":{"rendered":"https:\/\/notiexpress.com.bo\/?p=13976"},"modified":"2026-04-27T22:56:02","modified_gmt":"2026-04-28T02:56:02","slug":"incendio-en-barrio-fatima-desata-panico-y-deja-una-mascota-fallecida","status":"publish","type":"post","link":"https:\/\/notiexpress.com.bo\/index.php\/2026\/04\/27\/incendio-en-barrio-fatima-desata-panico-y-deja-una-mascota-fallecida\/","title":{"rendered":"Incendio en barrio F\u00e1tima desata p\u00e1nico y deja una mascota fallecida"},"content":{"rendered":"\n<p>Un incendio registrado en una vivienda del barrio F\u00e1tima, en Tarija, moviliz\u00f3 a equipos de emergencia y gener\u00f3 preocupaci\u00f3n entre vecinos, quienes alertaron por la intensidad del humo y las llamas.<\/p>\n\n\n\n<figure class=\"wp-block-image size-large is-resized\"><img loading=\"lazy\" decoding=\"async\" width=\"768\" height=\"1024\" src=\"https:\/\/notiexpress.com.bo\/wp-content\/uploads\/2026\/04\/682701543_1604857314744111_5354869633411171053_n-768x1024.jpg\" alt=\"\" class=\"wp-image-13977\" style=\"width:840px;height:auto\" srcset=\"https:\/\/notiexpress.com.bo\/wp-content\/uploads\/2026\/04\/682701543_1604857314744111_5354869633411171053_n-768x1024.jpg 768w, https:\/\/notiexpress.com.bo\/wp-content\/uploads\/2026\/04\/682701543_1604857314744111_5354869633411171053_n-225x300.jpg 225w, https:\/\/notiexpress.com.bo\/wp-content\/uploads\/2026\/04\/682701543_1604857314744111_5354869633411171053_n.jpg 1080w\" sizes=\"auto, (max-width: 768px) 100vw, 768px\" \/><\/figure>\n\n\n\n<p>Personal de bomberos acudi\u00f3 al lugar y, tras varias labores, logr\u00f3 controlar el fuego en su totalidad, evitando que se propague a otras viviendas cercanas.<\/p>\n\n\n\n<p>De manera preliminar, se confirm\u00f3 la muerte de una mascota por inhalaci\u00f3n de humo, mientras las autoridades iniciaron las investigaciones para establecer las causas del siniestro.<\/p>\n","protected":false},"excerpt":{"rendered":"<p>Un incendio registrado en una vivienda del barrio F\u00e1tima, en Tarija, moviliz\u00f3 a equipos de emergencia y gener\u00f3 preocupaci\u00f3n entre vecinos, quienes alertaron por la intensidad del humo y las llamas. Personal de bomberos acudi\u00f3 al lugar y, tras varias labores, logr\u00f3 controlar el fuego en su totalidad, evitando que se propague a otras viviendas [&hellip;]<\/p>\n","protected":false},"author":1,"featured_media":13977,"comment_status":"closed","ping_status":"closed","sticky":false,"template":"","format":"standard","meta":{"footnotes":""},"categories":[23],"tags":[],"class_list":["post-13976","post","type-post","status-publish","format-standard","has-post-thumbnail","hentry","category-tarija"],"_links":{"self":[{"href":"https:\/\/notiexpress.com.bo\/index.php\/wp-json\/wp\/v2\/posts\/13976","targetHints":{"allow":["GET"]}}],"collection":[{"href":"https:\/\/notiexpress.com.bo\/index.php\/wp-json\/wp\/v2\/posts"}],"about":[{"href":"https:\/\/notiexpress.com.bo\/index.php\/wp-json\/wp\/v2\/types\/post"}],"author":[{"embeddable":true,"href":"https:\/\/notiexpress.com.bo\/index.php\/wp-json\/wp\/v2\/users\/1"}],"replies":[{"embeddable":true,"href":"https:\/\/notiexpress.com.bo\/index.php\/wp-json\/wp\/v2\/comments?post=13976"}],"version-history":[{"count":1,"href":"https:\/\/notiexpress.com.bo\/index.php\/wp-json\/wp\/v2\/posts\/13976\/revisions"}],"predecessor-version":[{"id":13978,"href":"https:\/\/notiexpress.com.bo\/index.php\/wp-json\/wp\/v2\/posts\/13976\/revisions\/13978"}],"wp:featuredmedia":[{"embeddable":true,"href":"https:\/\/notiexpress.com.bo\/index.php\/wp-json\/wp\/v2\/media\/13977"}],"wp:attachment":[{"href":"https:\/\/notiexpress.com.bo\/index.php\/wp-json\/wp\/v2\/media?parent=13976"}],"wp:term":[{"taxonomy":"category","embeddable":true,"href":"https:\/\/notiexpress.com.bo\/index.php\/wp-json\/wp\/v2\/categories?post=13976"},{"taxonomy":"post_tag","embeddable":true,"href":"https:\/\/notiexpress.com.bo\/index.php\/wp-json\/wp\/v2\/tags?post=13976"}],"curies":[{"name":"wp","href":"https:\/\/api.w.org\/{rel}","templated":true}]}}