{"id":13988,"date":"2026-04-25T10:25:00","date_gmt":"2026-04-25T14:25:00","guid":{"rendered":"https:\/\/notiexpress.com.bo\/?p=13988"},"modified":"2026-04-27T23:04:02","modified_gmt":"2026-04-28T03:04:02","slug":"padre-de-los-5-ninos-envenenados-en-sacaba-se-quita-la-vida","status":"publish","type":"post","link":"https:\/\/notiexpress.com.bo\/index.php\/2026\/04\/25\/padre-de-los-5-ninos-envenenados-en-sacaba-se-quita-la-vida\/","title":{"rendered":"Padre de los 5 ni\u00f1os envenenados en Sacaba se quita la vida"},"content":{"rendered":"\n<p>David Mollo Berrios se quit\u00f3 la vida en un domicilio ubicado en la avenida Patria, al sur de Cochabamba, a 53 d\u00edas del tr\u00e1gico hecho ocurrido en Sacaba.<\/p>\n\n\n\n<figure class=\"wp-block-image size-full\"><img loading=\"lazy\" decoding=\"async\" width=\"945\" height=\"642\" src=\"https:\/\/notiexpress.com.bo\/wp-content\/uploads\/2026\/04\/680709318_957148187150645_3100391001931814193_n.jpg\" alt=\"\" class=\"wp-image-13989\" srcset=\"https:\/\/notiexpress.com.bo\/wp-content\/uploads\/2026\/04\/680709318_957148187150645_3100391001931814193_n.jpg 945w, https:\/\/notiexpress.com.bo\/wp-content\/uploads\/2026\/04\/680709318_957148187150645_3100391001931814193_n-300x204.jpg 300w, https:\/\/notiexpress.com.bo\/wp-content\/uploads\/2026\/04\/680709318_957148187150645_3100391001931814193_n-768x522.jpg 768w\" sizes=\"auto, (max-width: 945px) 100vw, 945px\" \/><\/figure>\n\n\n\n<p>El hombre era el padre de los cinco ni\u00f1os que el pasado 2 de marzo fueron envenenados por su madre, Ana, quien posteriormente tambi\u00e9n falleci\u00f3, en un caso que conmocion\u00f3 a todo el pa\u00eds.<\/p>\n\n\n\n<p>Seg\u00fan los antecedentes, fue el propio padre quien encontr\u00f3 los cuerpos de sus hijos de 9, 7, 5, 2 a\u00f1os y una beb\u00e9 de 3 meses al regresar a su vivienda, sumando ahora un nuevo desenlace marcado por el dolor.<\/p>\n","protected":false},"excerpt":{"rendered":"<p>David Mollo Berrios se quit\u00f3 la vida en un domicilio ubicado en la avenida Patria, al sur de Cochabamba, a 53 d\u00edas del tr\u00e1gico hecho ocurrido en Sacaba. El hombre era el padre de los cinco ni\u00f1os que el pasado 2 de marzo fueron envenenados por su madre, Ana, quien posteriormente tambi\u00e9n falleci\u00f3, en un [&hellip;]<\/p>\n","protected":false},"author":1,"featured_media":13989,"comment_status":"closed","ping_status":"closed","sticky":false,"template":"","format":"standard","meta":{"footnotes":""},"categories":[37],"tags":[],"class_list":["post-13988","post","type-post","status-publish","format-standard","has-post-thumbnail","hentry","category-cochabamba"],"_links":{"self":[{"href":"https:\/\/notiexpress.com.bo\/index.php\/wp-json\/wp\/v2\/posts\/13988","targetHints":{"allow":["GET"]}}],"collection":[{"href":"https:\/\/notiexpress.com.bo\/index.php\/wp-json\/wp\/v2\/posts"}],"about":[{"href":"https:\/\/notiexpress.com.bo\/index.php\/wp-json\/wp\/v2\/types\/post"}],"author":[{"embeddable":true,"href":"https:\/\/notiexpress.com.bo\/index.php\/wp-json\/wp\/v2\/users\/1"}],"replies":[{"embeddable":true,"href":"https:\/\/notiexpress.com.bo\/index.php\/wp-json\/wp\/v2\/comments?post=13988"}],"version-history":[{"count":1,"href":"https:\/\/notiexpress.com.bo\/index.php\/wp-json\/wp\/v2\/posts\/13988\/revisions"}],"predecessor-version":[{"id":13990,"href":"https:\/\/notiexpress.com.bo\/index.php\/wp-json\/wp\/v2\/posts\/13988\/revisions\/13990"}],"wp:featuredmedia":[{"embeddable":true,"href":"https:\/\/notiexpress.com.bo\/index.php\/wp-json\/wp\/v2\/media\/13989"}],"wp:attachment":[{"href":"https:\/\/notiexpress.com.bo\/index.php\/wp-json\/wp\/v2\/media?parent=13988"}],"wp:term":[{"taxonomy":"category","embeddable":true,"href":"https:\/\/notiexpress.com.bo\/index.php\/wp-json\/wp\/v2\/categories?post=13988"},{"taxonomy":"post_tag","embeddable":true,"href":"https:\/\/notiexpress.com.bo\/index.php\/wp-json\/wp\/v2\/tags?post=13988"}],"curies":[{"name":"wp","href":"https:\/\/api.w.org\/{rel}","templated":true}]}}