{"id":13995,"date":"2026-04-28T22:17:49","date_gmt":"2026-04-29T02:17:49","guid":{"rendered":"https:\/\/notiexpress.com.bo\/?p=13995"},"modified":"2026-04-28T22:17:49","modified_gmt":"2026-04-29T02:17:49","slug":"imputan-a-rafael-arce-y-fiscalia-pide-su-detencion-preventiva-por-legitimacion-de-ganancias-ilicitas","status":"publish","type":"post","link":"https:\/\/notiexpress.com.bo\/index.php\/2026\/04\/28\/imputan-a-rafael-arce-y-fiscalia-pide-su-detencion-preventiva-por-legitimacion-de-ganancias-ilicitas\/","title":{"rendered":"Imputan a Rafael Arce y Fiscal\u00eda pide su detenci\u00f3n preventiva por legitimaci\u00f3n de ganancias il\u00edcitas"},"content":{"rendered":"\n<p>El Ministerio P\u00fablico present\u00f3 la imputaci\u00f3n formal contra Rafael Arce Mosqueira, hijo del expresidente Luis Arce, en el marco de una investigaci\u00f3n por legitimaci\u00f3n de ganancias il\u00edcitas, solicitando seis meses de detenci\u00f3n preventiva en La Paz.<\/p>\n\n\n\n<figure class=\"wp-block-image size-full is-resized\"><img loading=\"lazy\" decoding=\"async\" width=\"640\" height=\"361\" src=\"https:\/\/notiexpress.com.bo\/wp-content\/uploads\/2026\/04\/1000151857.jpg\" alt=\"\" class=\"wp-image-13996\" style=\"width:840px;height:auto\" srcset=\"https:\/\/notiexpress.com.bo\/wp-content\/uploads\/2026\/04\/1000151857.jpg 640w, https:\/\/notiexpress.com.bo\/wp-content\/uploads\/2026\/04\/1000151857-300x169.jpg 300w\" sizes=\"auto, (max-width: 640px) 100vw, 640px\" \/><\/figure>\n\n\n\n<p>De acuerdo con la Fiscal\u00eda, el perfil econ\u00f3mico del investigado no ser\u00eda coherente con la creaci\u00f3n de una empresa en 2021 junto a su hermana, donde ambos habr\u00edan aportado un capital de 105.000 bolivianos cada uno; adem\u00e1s, se observ\u00f3 que la firma no contaba con informaci\u00f3n financiera clara ni registros de actividad comercial.<\/p>\n\n\n\n<p>El documento tambi\u00e9n detalla que Arce trabaj\u00f3 en la Agencia Nacional de Hidrocarburos y posteriormente como consultor en la Empresa Nacional de Electricidad, mientras que la investigaci\u00f3n incluye v\u00ednculos con un contacto empresarial que ocup\u00f3 cargos en distintas entidades estatales; el caso contin\u00faa en desarrollo.<\/p>\n","protected":false},"excerpt":{"rendered":"<p>El Ministerio P\u00fablico present\u00f3 la imputaci\u00f3n formal contra Rafael Arce Mosqueira, hijo del expresidente Luis Arce, en el marco de una investigaci\u00f3n por legitimaci\u00f3n de ganancias il\u00edcitas, solicitando seis meses de detenci\u00f3n preventiva en La Paz. De acuerdo con la Fiscal\u00eda, el perfil econ\u00f3mico del investigado no ser\u00eda coherente con la creaci\u00f3n de una empresa [&hellip;]<\/p>\n","protected":false},"author":1,"featured_media":13996,"comment_status":"closed","ping_status":"closed","sticky":false,"template":"","format":"standard","meta":{"footnotes":""},"categories":[22],"tags":[],"class_list":["post-13995","post","type-post","status-publish","format-standard","has-post-thumbnail","hentry","category-bolivia"],"_links":{"self":[{"href":"https:\/\/notiexpress.com.bo\/index.php\/wp-json\/wp\/v2\/posts\/13995","targetHints":{"allow":["GET"]}}],"collection":[{"href":"https:\/\/notiexpress.com.bo\/index.php\/wp-json\/wp\/v2\/posts"}],"about":[{"href":"https:\/\/notiexpress.com.bo\/index.php\/wp-json\/wp\/v2\/types\/post"}],"author":[{"embeddable":true,"href":"https:\/\/notiexpress.com.bo\/index.php\/wp-json\/wp\/v2\/users\/1"}],"replies":[{"embeddable":true,"href":"https:\/\/notiexpress.com.bo\/index.php\/wp-json\/wp\/v2\/comments?post=13995"}],"version-history":[{"count":1,"href":"https:\/\/notiexpress.com.bo\/index.php\/wp-json\/wp\/v2\/posts\/13995\/revisions"}],"predecessor-version":[{"id":13997,"href":"https:\/\/notiexpress.com.bo\/index.php\/wp-json\/wp\/v2\/posts\/13995\/revisions\/13997"}],"wp:featuredmedia":[{"embeddable":true,"href":"https:\/\/notiexpress.com.bo\/index.php\/wp-json\/wp\/v2\/media\/13996"}],"wp:attachment":[{"href":"https:\/\/notiexpress.com.bo\/index.php\/wp-json\/wp\/v2\/media?parent=13995"}],"wp:term":[{"taxonomy":"category","embeddable":true,"href":"https:\/\/notiexpress.com.bo\/index.php\/wp-json\/wp\/v2\/categories?post=13995"},{"taxonomy":"post_tag","embeddable":true,"href":"https:\/\/notiexpress.com.bo\/index.php\/wp-json\/wp\/v2\/tags?post=13995"}],"curies":[{"name":"wp","href":"https:\/\/api.w.org\/{rel}","templated":true}]}}